{"id":8181,"date":"2025-01-30T23:19:04","date_gmt":"2025-01-30T23:19:04","guid":{"rendered":"https:\/\/aeamc.edu.pt\/wp\/?p=8181"},"modified":"2025-01-30T23:19:04","modified_gmt":"2025-01-30T23:19:04","slug":"maria-alberta-meneres-biobibliografia","status":"publish","type":"post","link":"https:\/\/aeamc.edu.pt\/wp\/blog\/2025\/01\/30\/maria-alberta-meneres-biobibliografia\/","title":{"rendered":"Maria Alberta Men\u00e9res &#8211; Biobibliografia"},"content":{"rendered":"\n<figure class=\"wp-block-image size-full\"><img loading=\"lazy\" decoding=\"async\" width=\"206\" height=\"244\" src=\"https:\/\/aeamc.edu.pt\/wp\/wp-content\/uploads\/2025\/01\/Ma-Alberta-Meneres.jpg\" alt=\"\" class=\"wp-image-8182\"\/><\/figure>\n\n\n\n<p><strong><em>Maria Alberta Rovisco Garcia Men\u00e9res<\/em><\/strong>\u00a0nasceu em Vila Nova de Gaia, no dia 25 de agosto de 1930. Foi uma escritora e poetisa portuguesa e teve um bom percurso escolar. Licenciada em Ci\u00eancias Hist\u00f3rico-Filos\u00f3ficas pela Faculdade de Letras da Universidade de Lisboa, esta escritora foi professora do Ensino B\u00e1sico e Secund\u00e1rio, de L\u00edngua Portuguesa e Hist\u00f3ria, desde 1965 a 1973.<br><br>Ao tornar-se escritora\/autora, colaborou com v\u00e1rios jornais e v\u00e1rias revistas liter\u00e1rias, onde coordenou a inicia\u00e7\u00e3o \u00e0 literatura. Casou-se com E. M. Melo e Castro e, com ele, organizou a \u201cAntologia da Nov\u00edssima Poesia Portuguesa\u201d, de 1974 a 1986.<br><br>Como escritora, lan\u00e7ou o seu primeiro livro em 1952, com o t\u00edtulo de \u201cIntervalo\u201d. Mais tarde, com a sua obra \u201c\u00c1gua-mem\u00f3ria\u201d, em 1960, ganhou o pr\u00e9mio do Concurso Internacional de Poesia Giacomo Leopardi.<br><br>Uma curiosidade sobre esta escritora \u00e9 que foi ela a fundadora do Pirilampo M\u00e1gico. Entre 1990 e 1993, foi-lhe dada a responsabilidade de Provedora de Justi\u00e7a de Crian\u00e7as, onde os seus livros infanto-juvenis passaram a conter contos, bandas desenhadas, poesia, teatro\u2026<\/p>\n\n\n\n<p>A 8 de junho de 2010, foi agraciada com o grau de Comendadora da Ordem de M\u00e9rito.<br>Morreu no dia 15 de abril de 2019, em Lisboa.<\/p>\n\n\n\n<p>Algumas das suas obras:<br>\u201cUlisses\u201d(1970)\u00a0\u00a0\u00a0\u00a0\u00a0\u00a0<br>\u201cO coelho comil\u00e3o\u201d (1989)<br>\u201cC\u00e2ntico de Barro\u201d (1954)<br>\u201cO Robot Sens\u00edvel\u201d (1978)<\/p>\n\n\n\n<p>Webgrafia:<\/p>\n\n\n\n<p><a href=\"https:\/\/pt.wikipedia.org\/wiki\/Maria_Alberta_Men%C3%A9res\">https:\/\/pt.wikipedia.org\/wiki\/Maria_Alberta_Men%C3%A9res<\/a><\/p>\n\n\n\n<p><a href=\"https:\/\/www.portoeditora.pt\/autor\/maria-alberta-meneres\/129\">https:\/\/www.portoeditora.pt\/autor\/maria-alberta-meneres\/129<\/a><\/p>\n\n\n\n<p>\u00a0 \u00a0 \u00a0 \u00a0 \u00a0 \u00a0 \u00a0 \u00a0 \u00a0 \u00a0 \u00a0 \u00a0 \u00a0 \u00a0 \u00a0 \u00a0 \u00a0 \u00a0 \u00a0 \u00a0 \u00a0 \u00a0 \u00a0 \u00a0 \u00a0 \u00a0 \u00a0 \u00a0 \u00a0 \u00a0 \u00a0 \u00a0 \u00a0 \u00a0 \u00a0 \u00a0 \u00a0 \u00a0 \u00a0 \u00a0 \u00a0 \u00a0 \u00a0 \u00a0 \u00a0 \u00a0 \u00a0 \u00a0 \u00a0 \u00a0 \u00a0 \u00a0 \u00a0 \u00a0 \u00a0 \u00a0 \u00a0 \u00a0 \u00a0 \u00a0<strong>Mafalda Silva <\/strong><strong>n.\u00ba 12 &#8211; 6.\u00baA<\/strong><\/p>\n","protected":false},"excerpt":{"rendered":"<p>Maria Alberta Rovisco Garcia Men\u00e9res\u00a0nasceu em Vila Nova de Gaia, no dia 25 de agosto de 1930. Foi uma escritora e poetisa portuguesa e teve um bom percurso escolar. Licenciada em Ci\u00eancias Hist\u00f3rico-Filos\u00f3ficas pela Faculdade de Letras da Universidade de Lisboa, esta escritora foi professora&hellip;<\/p>\n","protected":false},"author":1,"featured_media":0,"comment_status":"closed","ping_status":"closed","sticky":false,"template":"","format":"standard","meta":{"footnotes":""},"categories":[7],"tags":[],"class_list":["post-8181","post","type-post","status-publish","format-standard","hentry","category-noticias"],"_links":{"self":[{"href":"https:\/\/aeamc.edu.pt\/wp\/wp-json\/wp\/v2\/posts\/8181","targetHints":{"allow":["GET"]}}],"collection":[{"href":"https:\/\/aeamc.edu.pt\/wp\/wp-json\/wp\/v2\/posts"}],"about":[{"href":"https:\/\/aeamc.edu.pt\/wp\/wp-json\/wp\/v2\/types\/post"}],"author":[{"embeddable":true,"href":"https:\/\/aeamc.edu.pt\/wp\/wp-json\/wp\/v2\/users\/1"}],"replies":[{"embeddable":true,"href":"https:\/\/aeamc.edu.pt\/wp\/wp-json\/wp\/v2\/comments?post=8181"}],"version-history":[{"count":1,"href":"https:\/\/aeamc.edu.pt\/wp\/wp-json\/wp\/v2\/posts\/8181\/revisions"}],"predecessor-version":[{"id":8183,"href":"https:\/\/aeamc.edu.pt\/wp\/wp-json\/wp\/v2\/posts\/8181\/revisions\/8183"}],"wp:attachment":[{"href":"https:\/\/aeamc.edu.pt\/wp\/wp-json\/wp\/v2\/media?parent=8181"}],"wp:term":[{"taxonomy":"category","embeddable":true,"href":"https:\/\/aeamc.edu.pt\/wp\/wp-json\/wp\/v2\/categories?post=8181"},{"taxonomy":"post_tag","embeddable":true,"href":"https:\/\/aeamc.edu.pt\/wp\/wp-json\/wp\/v2\/tags?post=8181"}],"curies":[{"name":"wp","href":"https:\/\/api.w.org\/{rel}","templated":true}]}}