{"id":6309,"date":"2023-12-11T00:40:10","date_gmt":"2023-12-11T00:40:10","guid":{"rendered":"https:\/\/aeamc.edu.pt\/wp\/?p=6309"},"modified":"2023-12-11T00:40:10","modified_gmt":"2023-12-11T00:40:10","slug":"dia-internacional-dos-direitos-humanos-10-de-dezembro%ef%bb%bf","status":"publish","type":"post","link":"https:\/\/aeamc.edu.pt\/wp\/blog\/2023\/12\/11\/dia-internacional-dos-direitos-humanos-10-de-dezembro%ef%bb%bf\/","title":{"rendered":"Dia internacional dos direitos humanos \u2013 10 de dezembro\ufeff"},"content":{"rendered":"\n<p>Faz hoje 75 anos que a Declara\u00e7\u00e3o Universal dos Direitos Humanos foi assinada, n\u00e3o nos esque\u00e7amos que os direitos humanos s\u00e3o: universais, indivis\u00edveis e inalien\u00e1veis e que acima de tudo, ainda n\u00e3o s\u00e3o garantidos para todos. Temos de lutar para que estes sejam SEMPRE respeitados.<\/p>\n\n\n\n<p>Relembremos as palavras do ativista Nelson Mandela (1918-2013)\u00a0<em>\u201cNutri o ideal de uma sociedade livre e democr\u00e1tica em que todas as pessoas vivam unidas em harmonia e com as mesmas oportunidades. \u00c9 um ideal para o qual pretendo viver e que espero alcan\u00e7ar. Mas, se for preciso, \u00e9 um ideal para o qual estou preparado para morrer.\u201d<\/em><\/p>\n\n\n\n<div class=\"wp-block-image\"><figure class=\"aligncenter\"><img loading=\"lazy\" decoding=\"async\" width=\"296\" height=\"383\" src=\"https:\/\/aeamc.edu.pt\/wp\/wp-content\/uploads\/2023\/12\/image.png\" alt=\"\" class=\"wp-image-6310\" srcset=\"https:\/\/aeamc.edu.pt\/wp\/wp-content\/uploads\/2023\/12\/image.png 296w, https:\/\/aeamc.edu.pt\/wp\/wp-content\/uploads\/2023\/12\/image-232x300.png 232w\" sizes=\"auto, (max-width: 296px) 100vw, 296px\" \/><\/figure><\/div>\n","protected":false},"excerpt":{"rendered":"<p>Faz hoje 75 anos que a Declara\u00e7\u00e3o Universal dos Direitos Humanos foi assinada, n\u00e3o nos esque\u00e7amos que os direitos humanos s\u00e3o: universais, indivis\u00edveis e inalien\u00e1veis e que acima de tudo, ainda n\u00e3o s\u00e3o garantidos para todos. Temos de lutar para que estes sejam SEMPRE respeitados.&hellip;<\/p>\n","protected":false},"author":1,"featured_media":0,"comment_status":"closed","ping_status":"closed","sticky":false,"template":"","format":"standard","meta":{"footnotes":""},"categories":[7],"tags":[],"class_list":["post-6309","post","type-post","status-publish","format-standard","hentry","category-noticias"],"_links":{"self":[{"href":"https:\/\/aeamc.edu.pt\/wp\/wp-json\/wp\/v2\/posts\/6309","targetHints":{"allow":["GET"]}}],"collection":[{"href":"https:\/\/aeamc.edu.pt\/wp\/wp-json\/wp\/v2\/posts"}],"about":[{"href":"https:\/\/aeamc.edu.pt\/wp\/wp-json\/wp\/v2\/types\/post"}],"author":[{"embeddable":true,"href":"https:\/\/aeamc.edu.pt\/wp\/wp-json\/wp\/v2\/users\/1"}],"replies":[{"embeddable":true,"href":"https:\/\/aeamc.edu.pt\/wp\/wp-json\/wp\/v2\/comments?post=6309"}],"version-history":[{"count":1,"href":"https:\/\/aeamc.edu.pt\/wp\/wp-json\/wp\/v2\/posts\/6309\/revisions"}],"predecessor-version":[{"id":6311,"href":"https:\/\/aeamc.edu.pt\/wp\/wp-json\/wp\/v2\/posts\/6309\/revisions\/6311"}],"wp:attachment":[{"href":"https:\/\/aeamc.edu.pt\/wp\/wp-json\/wp\/v2\/media?parent=6309"}],"wp:term":[{"taxonomy":"category","embeddable":true,"href":"https:\/\/aeamc.edu.pt\/wp\/wp-json\/wp\/v2\/categories?post=6309"},{"taxonomy":"post_tag","embeddable":true,"href":"https:\/\/aeamc.edu.pt\/wp\/wp-json\/wp\/v2\/tags?post=6309"}],"curies":[{"name":"wp","href":"https:\/\/api.w.org\/{rel}","templated":true}]}}