{"id":4759,"date":"2022-10-07T11:50:13","date_gmt":"2022-10-07T11:50:13","guid":{"rendered":"https:\/\/aeamc.edu.pt\/wp\/?p=4759"},"modified":"2022-10-07T11:50:13","modified_gmt":"2022-10-07T11:50:13","slug":"premio-nobel-da-literatura-de-2022","status":"publish","type":"post","link":"https:\/\/aeamc.edu.pt\/wp\/blog\/2022\/10\/07\/premio-nobel-da-literatura-de-2022\/","title":{"rendered":"Pr\u00e9mio Nobel da Literatura de 2022"},"content":{"rendered":"\n<p><strong>A Literatura Francesa est\u00e1 de parab\u00e9ns!<\/strong>A romancista francesa\u00a0<strong>Annie Ernaux<\/strong>, de 82 anos, foi laureada com o Pr\u00e9mio Nobel da Literatura de 2022, pela Academia Sueca, ao final da manh\u00e3 desta quinta-feira, em Estocolmo. Ernaux \u00e9 a 17.\u00aa mulher a receber o Nobel da Literatura e a primeira mulher do seu pa\u00eds a conquistar este pr\u00e9mio. Reagindo \u00e0 atribui\u00e7\u00e3o, a autora disse que considerava o pr\u00e9mio \u201cuma grande honra\u201d e \u201cuma grande responsabilidade\u201d.<br>A autora francesa tem cinco t\u00edtulos editados em Portugal.\u00a0<em>O Acontecimento<\/em> (2000), considerado uma \u201cobra-prima\u201d, foi lan\u00e7ado em Portugal, em setembro. <\/p>\n\n\n\n<figure class=\"wp-block-image\"><img loading=\"lazy\" decoding=\"async\" width=\"1024\" height=\"683\" src=\"https:\/\/aeamc.edu.pt\/wp\/wp-content\/uploads\/2022\/10\/annie-ernaux-vencedora-nobel-literatura-1024x683.jpg\" alt=\"\" class=\"wp-image-4760\" srcset=\"https:\/\/aeamc.edu.pt\/wp\/wp-content\/uploads\/2022\/10\/annie-ernaux-vencedora-nobel-literatura-1024x683.jpg 1024w, https:\/\/aeamc.edu.pt\/wp\/wp-content\/uploads\/2022\/10\/annie-ernaux-vencedora-nobel-literatura-300x200.jpg 300w, https:\/\/aeamc.edu.pt\/wp\/wp-content\/uploads\/2022\/10\/annie-ernaux-vencedora-nobel-literatura-768x512.jpg 768w, https:\/\/aeamc.edu.pt\/wp\/wp-content\/uploads\/2022\/10\/annie-ernaux-vencedora-nobel-literatura-272x182.jpg 272w, https:\/\/aeamc.edu.pt\/wp\/wp-content\/uploads\/2022\/10\/annie-ernaux-vencedora-nobel-literatura.jpg 1200w\" sizes=\"auto, (max-width: 1024px) 100vw, 1024px\" \/><\/figure>\n","protected":false},"excerpt":{"rendered":"<p>A Literatura Francesa est\u00e1 de parab\u00e9ns!A romancista francesa\u00a0Annie Ernaux, de 82 anos, foi laureada com o Pr\u00e9mio Nobel da Literatura de 2022, pela Academia Sueca, ao final da manh\u00e3 desta quinta-feira, em Estocolmo. Ernaux \u00e9 a 17.\u00aa mulher a receber o Nobel da Literatura e&hellip;<\/p>\n","protected":false},"author":1,"featured_media":0,"comment_status":"open","ping_status":"closed","sticky":false,"template":"","format":"standard","meta":{"footnotes":""},"categories":[7],"tags":[],"class_list":["post-4759","post","type-post","status-publish","format-standard","hentry","category-noticias"],"_links":{"self":[{"href":"https:\/\/aeamc.edu.pt\/wp\/wp-json\/wp\/v2\/posts\/4759","targetHints":{"allow":["GET"]}}],"collection":[{"href":"https:\/\/aeamc.edu.pt\/wp\/wp-json\/wp\/v2\/posts"}],"about":[{"href":"https:\/\/aeamc.edu.pt\/wp\/wp-json\/wp\/v2\/types\/post"}],"author":[{"embeddable":true,"href":"https:\/\/aeamc.edu.pt\/wp\/wp-json\/wp\/v2\/users\/1"}],"replies":[{"embeddable":true,"href":"https:\/\/aeamc.edu.pt\/wp\/wp-json\/wp\/v2\/comments?post=4759"}],"version-history":[{"count":1,"href":"https:\/\/aeamc.edu.pt\/wp\/wp-json\/wp\/v2\/posts\/4759\/revisions"}],"predecessor-version":[{"id":4761,"href":"https:\/\/aeamc.edu.pt\/wp\/wp-json\/wp\/v2\/posts\/4759\/revisions\/4761"}],"wp:attachment":[{"href":"https:\/\/aeamc.edu.pt\/wp\/wp-json\/wp\/v2\/media?parent=4759"}],"wp:term":[{"taxonomy":"category","embeddable":true,"href":"https:\/\/aeamc.edu.pt\/wp\/wp-json\/wp\/v2\/categories?post=4759"},{"taxonomy":"post_tag","embeddable":true,"href":"https:\/\/aeamc.edu.pt\/wp\/wp-json\/wp\/v2\/tags?post=4759"}],"curies":[{"name":"wp","href":"https:\/\/api.w.org\/{rel}","templated":true}]}}